{"id":4112,"date":"2022-11-29T12:29:58","date_gmt":"2022-11-29T12:29:58","guid":{"rendered":"https:\/\/www.miquelmasmarti.com\/?p=4112"},"modified":"2022-11-29T12:32:51","modified_gmt":"2022-11-29T12:32:51","slug":"miquel-mas-sortea-una-obra-original","status":"publish","type":"post","link":"https:\/\/www.miquelmasmarti.com\/es\/miquel-mas-sortea-una-obra-original\/","title":{"rendered":"Miquel Mas sortea una obra original"},"content":{"rendered":"<div class=\"col-lg-3 small\">\n<h5><b>Formas y colores<\/b><\/h5>\n<p><b>Auditorio Vallhonrat, del 4 de noviembre al 18 de diciembre de 2022<\/b><br \/>\nPlaza Montserrat Roig, s\/n<br \/>\n08191 Rub\u00ed<br \/>\nViernes y s\u00e1bados de 19 a 21 h<br \/>\nDomingos de 12 a 14 h y de 19 a 21 h<\/p>\n<\/div>\n<div class=\"col-lg-9\">\n<img loading=\"lazy\" decoding=\"async\" src=\"https:\/\/www.miquelmasmarti.com\/wp-content\/uploads\/2022\/11\/M.-Mas-amb-el-quadre-del-sorteig-1.jpg\" alt=\"\" width=\"1134\" height=\"836\" class=\"alignleft size-full wp-image-4109\" srcset=\"https:\/\/www.miquelmasmarti.com\/wp-content\/uploads\/2022\/11\/M.-Mas-amb-el-quadre-del-sorteig-1.jpg 1134w, https:\/\/www.miquelmasmarti.com\/wp-content\/uploads\/2022\/11\/M.-Mas-amb-el-quadre-del-sorteig-1-300x221.jpg 300w, https:\/\/www.miquelmasmarti.com\/wp-content\/uploads\/2022\/11\/M.-Mas-amb-el-quadre-del-sorteig-1-1024x755.jpg 1024w, https:\/\/www.miquelmasmarti.com\/wp-content\/uploads\/2022\/11\/M.-Mas-amb-el-quadre-del-sorteig-1-200x147.jpg 200w, https:\/\/www.miquelmasmarti.com\/wp-content\/uploads\/2022\/11\/M.-Mas-amb-el-quadre-del-sorteig-1-768x566.jpg 768w, https:\/\/www.miquelmasmarti.com\/wp-content\/uploads\/2022\/11\/M.-Mas-amb-el-quadre-del-sorteig-1-900x663.jpg 900w, https:\/\/www.miquelmasmarti.com\/wp-content\/uploads\/2022\/11\/M.-Mas-amb-el-quadre-del-sorteig-1-320x236.jpg 320w\" sizes=\"auto, (max-width: 1134px) 100vw, 1134px\" \/><\/p>\n<p>S\u00f3lo quedan veinte horas para poder ver la exposici\u00f3n \u201cFormas y colores\u201d, de Miquel Mas, en el Auditorio Vallhonrat, y poder participar en el sorteo de una obra suya original de la serie \u201cNaturalezas imaginarias\u201d (se puede ver en la fotograf\u00eda). Mientras dure la exposici\u00f3n, hasta el 17 de diciembre, a todas las personas que la visiten se les obsequiar\u00e1 con un n\u00famero.<\/p>\n<p>Esta exposici\u00f3n cierra este ciclo conmemorativo de los sesenta a\u00f1os de la primera exposici\u00f3n del artista y como clausura, Bernat Ribas y Paula Mas, la nieta del artista, ofrecer\u00e1n un peque\u00f1o concierto a las 19.30 h. A continuaci\u00f3n tendr\u00e1 lugar el sorteo de forma presencial.<\/p>\n<p>Horarios: viernes 2, 9 y 16 y s\u00e1bados 3, 10 y 17, de 19 a 21 h, y domingos 4 y 11, de 12 a 14 h y de 19 a 21 h.<\/p>\n","protected":false},"excerpt":{"rendered":"<p>S\u00f3lo quedan veinte horas para poder ver la exposici\u00f3n \u201cFormas y colores\u201d, de Miquel Mas&#8230;<\/p>\n","protected":false},"author":1,"featured_media":0,"comment_status":"closed","ping_status":"closed","sticky":false,"template":"","format":"standard","meta":{"footnotes":""},"categories":[150],"tags":[],"class_list":["post-4112","post","type-post","status-publish","format-standard","hentry","category-exposiciones"],"yoast_head":"<!-- This site is optimized with the Yoast SEO plugin v27.0 - https:\/\/yoast.com\/product\/yoast-seo-wordpress\/ -->\n<title>Miquel Mas sortea una obra original - Miquel Mas<\/title>\n<meta name=\"robots\" content=\"index, follow, max-snippet:-1, max-image-preview:large, max-video-preview:-1\" \/>\n<link rel=\"canonical\" href=\"https:\/\/www.miquelmasmarti.com\/es\/miquel-mas-sortea-una-obra-original\/\" \/>\n<meta property=\"og:locale\" content=\"es_ES\" \/>\n<meta property=\"og:type\" content=\"article\" \/>\n<meta property=\"og:title\" content=\"Miquel Mas sortea una obra original - Miquel Mas\" \/>\n<meta property=\"og:description\" content=\"S\u00f3lo quedan veinte horas para poder ver la exposici\u00f3n \u201cFormas y colores\u201d, de Miquel Mas...\" \/>\n<meta property=\"og:url\" content=\"https:\/\/www.miquelmasmarti.com\/es\/miquel-mas-sortea-una-obra-original\/\" \/>\n<meta property=\"og:site_name\" content=\"Miquel Mas\" \/>\n<meta property=\"article:published_time\" content=\"2022-11-29T12:29:58+00:00\" \/>\n<meta property=\"article:modified_time\" content=\"2022-11-29T12:32:51+00:00\" \/>\n<meta property=\"og:image\" content=\"https:\/\/www.miquelmasmarti.com\/wp-content\/uploads\/2022\/11\/M.-Mas-amb-el-quadre-del-sorteig-1.jpg\" \/>\n<meta name=\"author\" content=\"Miquel Mas\" \/>\n<meta name=\"twitter:card\" content=\"summary_large_image\" \/>\n<meta name=\"twitter:label1\" content=\"Escrito por\" \/>\n\t<meta name=\"twitter:data1\" content=\"Miquel Mas\" \/>\n\t<meta name=\"twitter:label2\" content=\"Tiempo de lectura\" \/>\n\t<meta name=\"twitter:data2\" content=\"1 minuto\" \/>\n<script type=\"application\/ld+json\" class=\"yoast-schema-graph\">{\"@context\":\"https:\/\/schema.org\",\"@graph\":[{\"@type\":\"Article\",\"@id\":\"https:\/\/www.miquelmasmarti.com\/es\/miquel-mas-sortea-una-obra-original\/#article\",\"isPartOf\":{\"@id\":\"https:\/\/www.miquelmasmarti.com\/es\/miquel-mas-sortea-una-obra-original\/\"},\"author\":{\"name\":\"Miquel Mas\",\"@id\":\"https:\/\/www.miquelmasmarti.com\/es\/#\/schema\/person\/824325b758cc1f0b5d625c513ead1653\"},\"headline\":\"Miquel Mas sortea una obra original\",\"datePublished\":\"2022-11-29T12:29:58+00:00\",\"dateModified\":\"2022-11-29T12:32:51+00:00\",\"mainEntityOfPage\":{\"@id\":\"https:\/\/www.miquelmasmarti.com\/es\/miquel-mas-sortea-una-obra-original\/\"},\"wordCount\":176,\"image\":{\"@id\":\"https:\/\/www.miquelmasmarti.com\/es\/miquel-mas-sortea-una-obra-original\/#primaryimage\"},\"thumbnailUrl\":\"https:\/\/www.miquelmasmarti.com\/wp-content\/uploads\/2022\/11\/M.-Mas-amb-el-quadre-del-sorteig-1.jpg\",\"articleSection\":[\"Exposiciones\"],\"inLanguage\":\"es\"},{\"@type\":\"WebPage\",\"@id\":\"https:\/\/www.miquelmasmarti.com\/es\/miquel-mas-sortea-una-obra-original\/\",\"url\":\"https:\/\/www.miquelmasmarti.com\/es\/miquel-mas-sortea-una-obra-original\/\",\"name\":\"Miquel Mas sortea una obra original - Miquel Mas\",\"isPartOf\":{\"@id\":\"https:\/\/www.miquelmasmarti.com\/es\/#website\"},\"primaryImageOfPage\":{\"@id\":\"https:\/\/www.miquelmasmarti.com\/es\/miquel-mas-sortea-una-obra-original\/#primaryimage\"},\"image\":{\"@id\":\"https:\/\/www.miquelmasmarti.com\/es\/miquel-mas-sortea-una-obra-original\/#primaryimage\"},\"thumbnailUrl\":\"https:\/\/www.miquelmasmarti.com\/wp-content\/uploads\/2022\/11\/M.-Mas-amb-el-quadre-del-sorteig-1.jpg\",\"datePublished\":\"2022-11-29T12:29:58+00:00\",\"dateModified\":\"2022-11-29T12:32:51+00:00\",\"author\":{\"@id\":\"https:\/\/www.miquelmasmarti.com\/es\/#\/schema\/person\/824325b758cc1f0b5d625c513ead1653\"},\"breadcrumb\":{\"@id\":\"https:\/\/www.miquelmasmarti.com\/es\/miquel-mas-sortea-una-obra-original\/#breadcrumb\"},\"inLanguage\":\"es\",\"potentialAction\":[{\"@type\":\"ReadAction\",\"target\":[\"https:\/\/www.miquelmasmarti.com\/es\/miquel-mas-sortea-una-obra-original\/\"]}]},{\"@type\":\"ImageObject\",\"inLanguage\":\"es\",\"@id\":\"https:\/\/www.miquelmasmarti.com\/es\/miquel-mas-sortea-una-obra-original\/#primaryimage\",\"url\":\"https:\/\/www.miquelmasmarti.com\/wp-content\/uploads\/2022\/11\/M.-Mas-amb-el-quadre-del-sorteig-1.jpg\",\"contentUrl\":\"https:\/\/www.miquelmasmarti.com\/wp-content\/uploads\/2022\/11\/M.-Mas-amb-el-quadre-del-sorteig-1.jpg\"},{\"@type\":\"BreadcrumbList\",\"@id\":\"https:\/\/www.miquelmasmarti.com\/es\/miquel-mas-sortea-una-obra-original\/#breadcrumb\",\"itemListElement\":[{\"@type\":\"ListItem\",\"position\":1,\"name\":\"Portada\",\"item\":\"https:\/\/www.miquelmasmarti.com\/es\/\"},{\"@type\":\"ListItem\",\"position\":2,\"name\":\"Miquel Mas sortea una obra original\"}]},{\"@type\":\"WebSite\",\"@id\":\"https:\/\/www.miquelmasmarti.com\/es\/#website\",\"url\":\"https:\/\/www.miquelmasmarti.com\/es\/\",\"name\":\"Miquel Mas\",\"description\":\"Otro sitio realizado con WordPress\",\"potentialAction\":[{\"@type\":\"SearchAction\",\"target\":{\"@type\":\"EntryPoint\",\"urlTemplate\":\"https:\/\/www.miquelmasmarti.com\/es\/?s={search_term_string}\"},\"query-input\":{\"@type\":\"PropertyValueSpecification\",\"valueRequired\":true,\"valueName\":\"search_term_string\"}}],\"inLanguage\":\"es\"},{\"@type\":\"Person\",\"@id\":\"https:\/\/www.miquelmasmarti.com\/es\/#\/schema\/person\/824325b758cc1f0b5d625c513ead1653\",\"name\":\"Miquel Mas\",\"image\":{\"@type\":\"ImageObject\",\"inLanguage\":\"es\",\"@id\":\"https:\/\/www.miquelmasmarti.com\/es\/#\/schema\/person\/image\/\",\"url\":\"https:\/\/secure.gravatar.com\/avatar\/69c5cd63523a278070b356e2bb79964e5a35e48cea702e978434438cb0ce5401?s=96&d=mm&r=g\",\"contentUrl\":\"https:\/\/secure.gravatar.com\/avatar\/69c5cd63523a278070b356e2bb79964e5a35e48cea702e978434438cb0ce5401?s=96&d=mm&r=g\",\"caption\":\"Miquel Mas\"},\"sameAs\":[\"https:\/\/www.miquelmasmarti.com\"],\"url\":\"https:\/\/www.miquelmasmarti.com\/es\/author\/mmasmarti\/\"}]}<\/script>\n<!-- \/ Yoast SEO plugin. -->","yoast_head_json":{"title":"Miquel Mas sortea una obra original - Miquel Mas","robots":{"index":"index","follow":"follow","max-snippet":"max-snippet:-1","max-image-preview":"max-image-preview:large","max-video-preview":"max-video-preview:-1"},"canonical":"https:\/\/www.miquelmasmarti.com\/es\/miquel-mas-sortea-una-obra-original\/","og_locale":"es_ES","og_type":"article","og_title":"Miquel Mas sortea una obra original - Miquel Mas","og_description":"S\u00f3lo quedan veinte horas para poder ver la exposici\u00f3n \u201cFormas y colores\u201d, de Miquel Mas...","og_url":"https:\/\/www.miquelmasmarti.com\/es\/miquel-mas-sortea-una-obra-original\/","og_site_name":"Miquel Mas","article_published_time":"2022-11-29T12:29:58+00:00","article_modified_time":"2022-11-29T12:32:51+00:00","og_image":[{"url":"https:\/\/www.miquelmasmarti.com\/wp-content\/uploads\/2022\/11\/M.-Mas-amb-el-quadre-del-sorteig-1.jpg","type":"","width":"","height":""}],"author":"Miquel Mas","twitter_card":"summary_large_image","twitter_misc":{"Escrito por":"Miquel Mas","Tiempo de lectura":"1 minuto"},"schema":{"@context":"https:\/\/schema.org","@graph":[{"@type":"Article","@id":"https:\/\/www.miquelmasmarti.com\/es\/miquel-mas-sortea-una-obra-original\/#article","isPartOf":{"@id":"https:\/\/www.miquelmasmarti.com\/es\/miquel-mas-sortea-una-obra-original\/"},"author":{"name":"Miquel Mas","@id":"https:\/\/www.miquelmasmarti.com\/es\/#\/schema\/person\/824325b758cc1f0b5d625c513ead1653"},"headline":"Miquel Mas sortea una obra original","datePublished":"2022-11-29T12:29:58+00:00","dateModified":"2022-11-29T12:32:51+00:00","mainEntityOfPage":{"@id":"https:\/\/www.miquelmasmarti.com\/es\/miquel-mas-sortea-una-obra-original\/"},"wordCount":176,"image":{"@id":"https:\/\/www.miquelmasmarti.com\/es\/miquel-mas-sortea-una-obra-original\/#primaryimage"},"thumbnailUrl":"https:\/\/www.miquelmasmarti.com\/wp-content\/uploads\/2022\/11\/M.-Mas-amb-el-quadre-del-sorteig-1.jpg","articleSection":["Exposiciones"],"inLanguage":"es"},{"@type":"WebPage","@id":"https:\/\/www.miquelmasmarti.com\/es\/miquel-mas-sortea-una-obra-original\/","url":"https:\/\/www.miquelmasmarti.com\/es\/miquel-mas-sortea-una-obra-original\/","name":"Miquel Mas sortea una obra original - Miquel Mas","isPartOf":{"@id":"https:\/\/www.miquelmasmarti.com\/es\/#website"},"primaryImageOfPage":{"@id":"https:\/\/www.miquelmasmarti.com\/es\/miquel-mas-sortea-una-obra-original\/#primaryimage"},"image":{"@id":"https:\/\/www.miquelmasmarti.com\/es\/miquel-mas-sortea-una-obra-original\/#primaryimage"},"thumbnailUrl":"https:\/\/www.miquelmasmarti.com\/wp-content\/uploads\/2022\/11\/M.-Mas-amb-el-quadre-del-sorteig-1.jpg","datePublished":"2022-11-29T12:29:58+00:00","dateModified":"2022-11-29T12:32:51+00:00","author":{"@id":"https:\/\/www.miquelmasmarti.com\/es\/#\/schema\/person\/824325b758cc1f0b5d625c513ead1653"},"breadcrumb":{"@id":"https:\/\/www.miquelmasmarti.com\/es\/miquel-mas-sortea-una-obra-original\/#breadcrumb"},"inLanguage":"es","potentialAction":[{"@type":"ReadAction","target":["https:\/\/www.miquelmasmarti.com\/es\/miquel-mas-sortea-una-obra-original\/"]}]},{"@type":"ImageObject","inLanguage":"es","@id":"https:\/\/www.miquelmasmarti.com\/es\/miquel-mas-sortea-una-obra-original\/#primaryimage","url":"https:\/\/www.miquelmasmarti.com\/wp-content\/uploads\/2022\/11\/M.-Mas-amb-el-quadre-del-sorteig-1.jpg","contentUrl":"https:\/\/www.miquelmasmarti.com\/wp-content\/uploads\/2022\/11\/M.-Mas-amb-el-quadre-del-sorteig-1.jpg"},{"@type":"BreadcrumbList","@id":"https:\/\/www.miquelmasmarti.com\/es\/miquel-mas-sortea-una-obra-original\/#breadcrumb","itemListElement":[{"@type":"ListItem","position":1,"name":"Portada","item":"https:\/\/www.miquelmasmarti.com\/es\/"},{"@type":"ListItem","position":2,"name":"Miquel Mas sortea una obra original"}]},{"@type":"WebSite","@id":"https:\/\/www.miquelmasmarti.com\/es\/#website","url":"https:\/\/www.miquelmasmarti.com\/es\/","name":"Miquel Mas","description":"Otro sitio realizado con WordPress","potentialAction":[{"@type":"SearchAction","target":{"@type":"EntryPoint","urlTemplate":"https:\/\/www.miquelmasmarti.com\/es\/?s={search_term_string}"},"query-input":{"@type":"PropertyValueSpecification","valueRequired":true,"valueName":"search_term_string"}}],"inLanguage":"es"},{"@type":"Person","@id":"https:\/\/www.miquelmasmarti.com\/es\/#\/schema\/person\/824325b758cc1f0b5d625c513ead1653","name":"Miquel Mas","image":{"@type":"ImageObject","inLanguage":"es","@id":"https:\/\/www.miquelmasmarti.com\/es\/#\/schema\/person\/image\/","url":"https:\/\/secure.gravatar.com\/avatar\/69c5cd63523a278070b356e2bb79964e5a35e48cea702e978434438cb0ce5401?s=96&d=mm&r=g","contentUrl":"https:\/\/secure.gravatar.com\/avatar\/69c5cd63523a278070b356e2bb79964e5a35e48cea702e978434438cb0ce5401?s=96&d=mm&r=g","caption":"Miquel Mas"},"sameAs":["https:\/\/www.miquelmasmarti.com"],"url":"https:\/\/www.miquelmasmarti.com\/es\/author\/mmasmarti\/"}]}},"_links":{"self":[{"href":"https:\/\/www.miquelmasmarti.com\/es\/wp-json\/wp\/v2\/posts\/4112","targetHints":{"allow":["GET"]}}],"collection":[{"href":"https:\/\/www.miquelmasmarti.com\/es\/wp-json\/wp\/v2\/posts"}],"about":[{"href":"https:\/\/www.miquelmasmarti.com\/es\/wp-json\/wp\/v2\/types\/post"}],"author":[{"embeddable":true,"href":"https:\/\/www.miquelmasmarti.com\/es\/wp-json\/wp\/v2\/users\/1"}],"replies":[{"embeddable":true,"href":"https:\/\/www.miquelmasmarti.com\/es\/wp-json\/wp\/v2\/comments?post=4112"}],"version-history":[{"count":3,"href":"https:\/\/www.miquelmasmarti.com\/es\/wp-json\/wp\/v2\/posts\/4112\/revisions"}],"predecessor-version":[{"id":4115,"href":"https:\/\/www.miquelmasmarti.com\/es\/wp-json\/wp\/v2\/posts\/4112\/revisions\/4115"}],"wp:attachment":[{"href":"https:\/\/www.miquelmasmarti.com\/es\/wp-json\/wp\/v2\/media?parent=4112"}],"wp:term":[{"taxonomy":"category","embeddable":true,"href":"https:\/\/www.miquelmasmarti.com\/es\/wp-json\/wp\/v2\/categories?post=4112"},{"taxonomy":"post_tag","embeddable":true,"href":"https:\/\/www.miquelmasmarti.com\/es\/wp-json\/wp\/v2\/tags?post=4112"}],"curies":[{"name":"wp","href":"https:\/\/api.w.org\/{rel}","templated":true}]}}