{"id":3609,"date":"2019-04-30T10:27:49","date_gmt":"2019-04-30T10:27:49","guid":{"rendered":"https:\/\/www.miquelmasmarti.com\/?p=3609"},"modified":"2019-05-02T08:12:33","modified_gmt":"2019-05-02T08:12:33","slug":"un-viaje-al-africa-negra-con-miquel-mas","status":"publish","type":"post","link":"https:\/\/www.miquelmasmarti.com\/es\/un-viaje-al-africa-negra-con-miquel-mas\/","title":{"rendered":"Un viaje al \u00c1frica negra con Miquel Mas"},"content":{"rendered":"<div class=\"row\">\n<div class=\"col-lg-3 small\">\n<h5><b>\u00c1frica<\/b><\/h5>\n<p><b>La Claraboia, del 10 al 24 de mayo de 2019<\/b><br \/>\nSant Miquel, 9<br \/>\n08191 Rub\u00ed<br \/>\nInauguraci\u00f3n: viernes 10, a las 19 h<br \/>\n<b>Museu Etnogr\u00e0fic Vallhonrat, del 11 al 25 de mayo de 2019<\/b><br \/>\nPl. Montserrat Roig, s\/n<br \/>\n08191 Rub\u00ed<br \/>\nCierre: s\u00e1bado 25, a les 19 h<br \/>\nAbierto: viernes y s\u00e1bados, de 19 a 21 h, y domingos, de 12 a 14 h.<\/p>\n<\/div>\n<div class=\"col-lg-9\">\n<img loading=\"lazy\" decoding=\"async\" src=\"https:\/\/www.miquelmasmarti.com\/wp-content\/uploads\/2018\/04\/Somriure-Etio\u0300piacol.jpg\" alt=\"\" width=\"1200\" height=\"1295\" class=\"alignleft size-full wp-image-929\" srcset=\"https:\/\/www.miquelmasmarti.com\/wp-content\/uploads\/2018\/04\/Somriure-Etio\u0300piacol.jpg 1200w, https:\/\/www.miquelmasmarti.com\/wp-content\/uploads\/2018\/04\/Somriure-Etio\u0300piacol-185x200.jpg 185w, https:\/\/www.miquelmasmarti.com\/wp-content\/uploads\/2018\/04\/Somriure-Etio\u0300piacol-278x300.jpg 278w, https:\/\/www.miquelmasmarti.com\/wp-content\/uploads\/2018\/04\/Somriure-Etio\u0300piacol-768x829.jpg 768w, https:\/\/www.miquelmasmarti.com\/wp-content\/uploads\/2018\/04\/Somriure-Etio\u0300piacol-949x1024.jpg 949w, https:\/\/www.miquelmasmarti.com\/wp-content\/uploads\/2018\/04\/Somriure-Etio\u0300piacol-834x900.jpg 834w, https:\/\/www.miquelmasmarti.com\/wp-content\/uploads\/2018\/04\/Somriure-Etio\u0300piacol-297x320.jpg 297w\" sizes=\"auto, (max-width: 1200px) 100vw, 1200px\" \/><\/p>\n<p>Miquel Mas ha viajado al continente africano en varias ocasiones: Marruecos, T\u00fanez, Egipto, Mal\u00ed, Burquina Faso, Costa de Marfil, Namibia, Etiop\u00eda, Senegal\u2026 y con la ayuda de su c\u00e1mara fotogr\u00e1fica  ha capturado la luz, los colores, la gente, las costumbres, la manera de vivir\u2026 De cada viaje se ha llevado grandes sensaciones, experiencias que ha guardado en su interior y que ahora, despu\u00e9s de un tiempo de maduraci\u00f3n, ha decidido plasmar mediante el l\u00e1piz y los acr\u00edlicos. Con la serie \u201cHumanos\u201d ya nos mostr\u00f3 esta inquietud, pero esta vez se centra exclusivamente en el \u00c1frica negra y nos quiere transmitir todas aquellas vivencias que lo cautivaron de manera especial. <\/p>\n<div class=\"row\">\n<div class=\"col-lg-5\"><img loading=\"lazy\" decoding=\"async\" src=\"https:\/\/www.miquelmasmarti.com\/wp-content\/uploads\/2019\/04\/Dona-Galep-Etio\u0300pia.jpg\" alt=\"\" width=\"945\" height=\"1295\" class=\"alignleft size-full wp-image-3586\" srcset=\"https:\/\/www.miquelmasmarti.com\/wp-content\/uploads\/2019\/04\/Dona-Galep-Etio\u0300pia.jpg 945w, https:\/\/www.miquelmasmarti.com\/wp-content\/uploads\/2019\/04\/Dona-Galep-Etio\u0300pia-146x200.jpg 146w, https:\/\/www.miquelmasmarti.com\/wp-content\/uploads\/2019\/04\/Dona-Galep-Etio\u0300pia-219x300.jpg 219w, https:\/\/www.miquelmasmarti.com\/wp-content\/uploads\/2019\/04\/Dona-Galep-Etio\u0300pia-768x1052.jpg 768w, https:\/\/www.miquelmasmarti.com\/wp-content\/uploads\/2019\/04\/Dona-Galep-Etio\u0300pia-747x1024.jpg 747w, https:\/\/www.miquelmasmarti.com\/wp-content\/uploads\/2019\/04\/Dona-Galep-Etio\u0300pia-657x900.jpg 657w, https:\/\/www.miquelmasmarti.com\/wp-content\/uploads\/2019\/04\/Dona-Galep-Etio\u0300pia-234x320.jpg 234w\" sizes=\"auto, (max-width: 945px) 100vw, 945px\" \/>\n<\/div>\n<div class=\"col-lg-7\">\n<p>La exposici\u00f3n se realiza en dos espacios: La Claraboia, donde podremos ver la obra de peque\u00f1o formato y algunos curiosos objetos de los viajes, y el Museo Vallhonrat, que contendr\u00e1 las obras de medidas m\u00e1s grandes.<br \/>\nSe inaugura el d\u00eda 10 en La Claraboia y se cerrar\u00e1 el s\u00e1bado 25, coincidiendo con el D\u00eda de \u00c1frica, en el Museo, con una muestra de gastronom\u00eda senegalesa.<br \/>\nColaboran: Vila Activa y las asociaciones senegalesas, ACSPROSC, ACSO, Mandegane y Senegambia.<\/p>\n<\/div>\n<div class=\"col-lg-12\">\n<img decoding=\"async\" src=\"https:\/\/www.miquelmasmarti.com\/wp-content\/uploads\/2019\/04\/M.-Mas-Africa-1.jpg\" alt=\"\" class=\"img-responsive\" \/>\n<\/div>\n<\/div>\n<\/div>\n<\/div>\n","protected":false},"excerpt":{"rendered":"<p>\u00c1frica La Claraboia, del 10 al 24 de mayo de 2019 Sant Miquel, 9 08191 Rub\u00ed Inauguraci\u00f3n: viernes 10, a las 19 h Museu Etnogr\u00e0fic &hellip;<\/p>\n","protected":false},"author":1,"featured_media":0,"comment_status":"closed","ping_status":"closed","sticky":false,"template":"","format":"standard","meta":{"footnotes":""},"categories":[1],"tags":[],"class_list":["post-3609","post","type-post","status-publish","format-standard","hentry","category-sin-categorizar"],"yoast_head":"<!-- This site is optimized with the Yoast SEO plugin v27.0 - https:\/\/yoast.com\/product\/yoast-seo-wordpress\/ -->\n<title>Un viaje al \u00c1frica negra con Miquel Mas - Miquel Mas<\/title>\n<meta name=\"robots\" content=\"index, follow, max-snippet:-1, max-image-preview:large, max-video-preview:-1\" \/>\n<link rel=\"canonical\" href=\"https:\/\/www.miquelmasmarti.com\/es\/un-viaje-al-africa-negra-con-miquel-mas\/\" \/>\n<meta property=\"og:locale\" content=\"es_ES\" \/>\n<meta property=\"og:type\" content=\"article\" \/>\n<meta property=\"og:title\" content=\"Un viaje al \u00c1frica negra con Miquel Mas - Miquel Mas\" \/>\n<meta property=\"og:description\" content=\"\u00c1frica La Claraboia, del 10 al 24 de mayo de 2019 Sant Miquel, 9 08191 Rub\u00ed Inauguraci\u00f3n: viernes 10, a las 19 h Museu Etnogr\u00e0fic &hellip;\" \/>\n<meta property=\"og:url\" content=\"https:\/\/www.miquelmasmarti.com\/es\/un-viaje-al-africa-negra-con-miquel-mas\/\" \/>\n<meta property=\"og:site_name\" content=\"Miquel Mas\" \/>\n<meta property=\"article:published_time\" content=\"2019-04-30T10:27:49+00:00\" \/>\n<meta property=\"article:modified_time\" content=\"2019-05-02T08:12:33+00:00\" \/>\n<meta property=\"og:image\" content=\"https:\/\/www.miquelmasmarti.com\/wp-content\/uploads\/2019\/04\/M.-Mas-Africa-1.jpg\" \/>\n<meta name=\"author\" content=\"Miquel Mas\" \/>\n<meta name=\"twitter:card\" content=\"summary_large_image\" \/>\n<meta name=\"twitter:label1\" content=\"Escrito por\" \/>\n\t<meta name=\"twitter:data1\" content=\"Miquel Mas\" \/>\n\t<meta name=\"twitter:label2\" content=\"Tiempo de lectura\" \/>\n\t<meta name=\"twitter:data2\" content=\"1 minuto\" \/>\n<script type=\"application\/ld+json\" class=\"yoast-schema-graph\">{\"@context\":\"https:\/\/schema.org\",\"@graph\":[{\"@type\":\"Article\",\"@id\":\"https:\/\/www.miquelmasmarti.com\/es\/un-viaje-al-africa-negra-con-miquel-mas\/#article\",\"isPartOf\":{\"@id\":\"https:\/\/www.miquelmasmarti.com\/es\/un-viaje-al-africa-negra-con-miquel-mas\/\"},\"author\":{\"name\":\"Miquel Mas\",\"@id\":\"https:\/\/www.miquelmasmarti.com\/es\/#\/schema\/person\/824325b758cc1f0b5d625c513ead1653\"},\"headline\":\"Un viaje al \u00c1frica negra con Miquel Mas\",\"datePublished\":\"2019-04-30T10:27:49+00:00\",\"dateModified\":\"2019-05-02T08:12:33+00:00\",\"mainEntityOfPage\":{\"@id\":\"https:\/\/www.miquelmasmarti.com\/es\/un-viaje-al-africa-negra-con-miquel-mas\/\"},\"wordCount\":258,\"image\":{\"@id\":\"https:\/\/www.miquelmasmarti.com\/es\/un-viaje-al-africa-negra-con-miquel-mas\/#primaryimage\"},\"thumbnailUrl\":\"https:\/\/www.miquelmasmarti.com\/wp-content\/uploads\/2019\/04\/M.-Mas-Africa-1.jpg\",\"articleSection\":[\"Sin categorizar\"],\"inLanguage\":\"es\"},{\"@type\":\"WebPage\",\"@id\":\"https:\/\/www.miquelmasmarti.com\/es\/un-viaje-al-africa-negra-con-miquel-mas\/\",\"url\":\"https:\/\/www.miquelmasmarti.com\/es\/un-viaje-al-africa-negra-con-miquel-mas\/\",\"name\":\"Un viaje al \u00c1frica negra con Miquel Mas - Miquel Mas\",\"isPartOf\":{\"@id\":\"https:\/\/www.miquelmasmarti.com\/es\/#website\"},\"primaryImageOfPage\":{\"@id\":\"https:\/\/www.miquelmasmarti.com\/es\/un-viaje-al-africa-negra-con-miquel-mas\/#primaryimage\"},\"image\":{\"@id\":\"https:\/\/www.miquelmasmarti.com\/es\/un-viaje-al-africa-negra-con-miquel-mas\/#primaryimage\"},\"thumbnailUrl\":\"https:\/\/www.miquelmasmarti.com\/wp-content\/uploads\/2019\/04\/M.-Mas-Africa-1.jpg\",\"datePublished\":\"2019-04-30T10:27:49+00:00\",\"dateModified\":\"2019-05-02T08:12:33+00:00\",\"author\":{\"@id\":\"https:\/\/www.miquelmasmarti.com\/es\/#\/schema\/person\/824325b758cc1f0b5d625c513ead1653\"},\"breadcrumb\":{\"@id\":\"https:\/\/www.miquelmasmarti.com\/es\/un-viaje-al-africa-negra-con-miquel-mas\/#breadcrumb\"},\"inLanguage\":\"es\",\"potentialAction\":[{\"@type\":\"ReadAction\",\"target\":[\"https:\/\/www.miquelmasmarti.com\/es\/un-viaje-al-africa-negra-con-miquel-mas\/\"]}]},{\"@type\":\"ImageObject\",\"inLanguage\":\"es\",\"@id\":\"https:\/\/www.miquelmasmarti.com\/es\/un-viaje-al-africa-negra-con-miquel-mas\/#primaryimage\",\"url\":\"https:\/\/www.miquelmasmarti.com\/wp-content\/uploads\/2019\/04\/M.-Mas-Africa-1.jpg\",\"contentUrl\":\"https:\/\/www.miquelmasmarti.com\/wp-content\/uploads\/2019\/04\/M.-Mas-Africa-1.jpg\"},{\"@type\":\"BreadcrumbList\",\"@id\":\"https:\/\/www.miquelmasmarti.com\/es\/un-viaje-al-africa-negra-con-miquel-mas\/#breadcrumb\",\"itemListElement\":[{\"@type\":\"ListItem\",\"position\":1,\"name\":\"Portada\",\"item\":\"https:\/\/www.miquelmasmarti.com\/es\/\"},{\"@type\":\"ListItem\",\"position\":2,\"name\":\"Un viaje al \u00c1frica negra con Miquel Mas\"}]},{\"@type\":\"WebSite\",\"@id\":\"https:\/\/www.miquelmasmarti.com\/es\/#website\",\"url\":\"https:\/\/www.miquelmasmarti.com\/es\/\",\"name\":\"Miquel Mas\",\"description\":\"Otro sitio realizado con WordPress\",\"potentialAction\":[{\"@type\":\"SearchAction\",\"target\":{\"@type\":\"EntryPoint\",\"urlTemplate\":\"https:\/\/www.miquelmasmarti.com\/es\/?s={search_term_string}\"},\"query-input\":{\"@type\":\"PropertyValueSpecification\",\"valueRequired\":true,\"valueName\":\"search_term_string\"}}],\"inLanguage\":\"es\"},{\"@type\":\"Person\",\"@id\":\"https:\/\/www.miquelmasmarti.com\/es\/#\/schema\/person\/824325b758cc1f0b5d625c513ead1653\",\"name\":\"Miquel Mas\",\"image\":{\"@type\":\"ImageObject\",\"inLanguage\":\"es\",\"@id\":\"https:\/\/www.miquelmasmarti.com\/es\/#\/schema\/person\/image\/\",\"url\":\"https:\/\/secure.gravatar.com\/avatar\/69c5cd63523a278070b356e2bb79964e5a35e48cea702e978434438cb0ce5401?s=96&d=mm&r=g\",\"contentUrl\":\"https:\/\/secure.gravatar.com\/avatar\/69c5cd63523a278070b356e2bb79964e5a35e48cea702e978434438cb0ce5401?s=96&d=mm&r=g\",\"caption\":\"Miquel Mas\"},\"sameAs\":[\"https:\/\/www.miquelmasmarti.com\"],\"url\":\"https:\/\/www.miquelmasmarti.com\/es\/author\/mmasmarti\/\"}]}<\/script>\n<!-- \/ Yoast SEO plugin. -->","yoast_head_json":{"title":"Un viaje al \u00c1frica negra con Miquel Mas - Miquel Mas","robots":{"index":"index","follow":"follow","max-snippet":"max-snippet:-1","max-image-preview":"max-image-preview:large","max-video-preview":"max-video-preview:-1"},"canonical":"https:\/\/www.miquelmasmarti.com\/es\/un-viaje-al-africa-negra-con-miquel-mas\/","og_locale":"es_ES","og_type":"article","og_title":"Un viaje al \u00c1frica negra con Miquel Mas - Miquel Mas","og_description":"\u00c1frica La Claraboia, del 10 al 24 de mayo de 2019 Sant Miquel, 9 08191 Rub\u00ed Inauguraci\u00f3n: viernes 10, a las 19 h Museu Etnogr\u00e0fic &hellip;","og_url":"https:\/\/www.miquelmasmarti.com\/es\/un-viaje-al-africa-negra-con-miquel-mas\/","og_site_name":"Miquel Mas","article_published_time":"2019-04-30T10:27:49+00:00","article_modified_time":"2019-05-02T08:12:33+00:00","og_image":[{"url":"https:\/\/www.miquelmasmarti.com\/wp-content\/uploads\/2019\/04\/M.-Mas-Africa-1.jpg","type":"","width":"","height":""}],"author":"Miquel Mas","twitter_card":"summary_large_image","twitter_misc":{"Escrito por":"Miquel Mas","Tiempo de lectura":"1 minuto"},"schema":{"@context":"https:\/\/schema.org","@graph":[{"@type":"Article","@id":"https:\/\/www.miquelmasmarti.com\/es\/un-viaje-al-africa-negra-con-miquel-mas\/#article","isPartOf":{"@id":"https:\/\/www.miquelmasmarti.com\/es\/un-viaje-al-africa-negra-con-miquel-mas\/"},"author":{"name":"Miquel Mas","@id":"https:\/\/www.miquelmasmarti.com\/es\/#\/schema\/person\/824325b758cc1f0b5d625c513ead1653"},"headline":"Un viaje al \u00c1frica negra con Miquel Mas","datePublished":"2019-04-30T10:27:49+00:00","dateModified":"2019-05-02T08:12:33+00:00","mainEntityOfPage":{"@id":"https:\/\/www.miquelmasmarti.com\/es\/un-viaje-al-africa-negra-con-miquel-mas\/"},"wordCount":258,"image":{"@id":"https:\/\/www.miquelmasmarti.com\/es\/un-viaje-al-africa-negra-con-miquel-mas\/#primaryimage"},"thumbnailUrl":"https:\/\/www.miquelmasmarti.com\/wp-content\/uploads\/2019\/04\/M.-Mas-Africa-1.jpg","articleSection":["Sin categorizar"],"inLanguage":"es"},{"@type":"WebPage","@id":"https:\/\/www.miquelmasmarti.com\/es\/un-viaje-al-africa-negra-con-miquel-mas\/","url":"https:\/\/www.miquelmasmarti.com\/es\/un-viaje-al-africa-negra-con-miquel-mas\/","name":"Un viaje al \u00c1frica negra con Miquel Mas - Miquel Mas","isPartOf":{"@id":"https:\/\/www.miquelmasmarti.com\/es\/#website"},"primaryImageOfPage":{"@id":"https:\/\/www.miquelmasmarti.com\/es\/un-viaje-al-africa-negra-con-miquel-mas\/#primaryimage"},"image":{"@id":"https:\/\/www.miquelmasmarti.com\/es\/un-viaje-al-africa-negra-con-miquel-mas\/#primaryimage"},"thumbnailUrl":"https:\/\/www.miquelmasmarti.com\/wp-content\/uploads\/2019\/04\/M.-Mas-Africa-1.jpg","datePublished":"2019-04-30T10:27:49+00:00","dateModified":"2019-05-02T08:12:33+00:00","author":{"@id":"https:\/\/www.miquelmasmarti.com\/es\/#\/schema\/person\/824325b758cc1f0b5d625c513ead1653"},"breadcrumb":{"@id":"https:\/\/www.miquelmasmarti.com\/es\/un-viaje-al-africa-negra-con-miquel-mas\/#breadcrumb"},"inLanguage":"es","potentialAction":[{"@type":"ReadAction","target":["https:\/\/www.miquelmasmarti.com\/es\/un-viaje-al-africa-negra-con-miquel-mas\/"]}]},{"@type":"ImageObject","inLanguage":"es","@id":"https:\/\/www.miquelmasmarti.com\/es\/un-viaje-al-africa-negra-con-miquel-mas\/#primaryimage","url":"https:\/\/www.miquelmasmarti.com\/wp-content\/uploads\/2019\/04\/M.-Mas-Africa-1.jpg","contentUrl":"https:\/\/www.miquelmasmarti.com\/wp-content\/uploads\/2019\/04\/M.-Mas-Africa-1.jpg"},{"@type":"BreadcrumbList","@id":"https:\/\/www.miquelmasmarti.com\/es\/un-viaje-al-africa-negra-con-miquel-mas\/#breadcrumb","itemListElement":[{"@type":"ListItem","position":1,"name":"Portada","item":"https:\/\/www.miquelmasmarti.com\/es\/"},{"@type":"ListItem","position":2,"name":"Un viaje al \u00c1frica negra con Miquel Mas"}]},{"@type":"WebSite","@id":"https:\/\/www.miquelmasmarti.com\/es\/#website","url":"https:\/\/www.miquelmasmarti.com\/es\/","name":"Miquel Mas","description":"Otro sitio realizado con WordPress","potentialAction":[{"@type":"SearchAction","target":{"@type":"EntryPoint","urlTemplate":"https:\/\/www.miquelmasmarti.com\/es\/?s={search_term_string}"},"query-input":{"@type":"PropertyValueSpecification","valueRequired":true,"valueName":"search_term_string"}}],"inLanguage":"es"},{"@type":"Person","@id":"https:\/\/www.miquelmasmarti.com\/es\/#\/schema\/person\/824325b758cc1f0b5d625c513ead1653","name":"Miquel Mas","image":{"@type":"ImageObject","inLanguage":"es","@id":"https:\/\/www.miquelmasmarti.com\/es\/#\/schema\/person\/image\/","url":"https:\/\/secure.gravatar.com\/avatar\/69c5cd63523a278070b356e2bb79964e5a35e48cea702e978434438cb0ce5401?s=96&d=mm&r=g","contentUrl":"https:\/\/secure.gravatar.com\/avatar\/69c5cd63523a278070b356e2bb79964e5a35e48cea702e978434438cb0ce5401?s=96&d=mm&r=g","caption":"Miquel Mas"},"sameAs":["https:\/\/www.miquelmasmarti.com"],"url":"https:\/\/www.miquelmasmarti.com\/es\/author\/mmasmarti\/"}]}},"_links":{"self":[{"href":"https:\/\/www.miquelmasmarti.com\/es\/wp-json\/wp\/v2\/posts\/3609","targetHints":{"allow":["GET"]}}],"collection":[{"href":"https:\/\/www.miquelmasmarti.com\/es\/wp-json\/wp\/v2\/posts"}],"about":[{"href":"https:\/\/www.miquelmasmarti.com\/es\/wp-json\/wp\/v2\/types\/post"}],"author":[{"embeddable":true,"href":"https:\/\/www.miquelmasmarti.com\/es\/wp-json\/wp\/v2\/users\/1"}],"replies":[{"embeddable":true,"href":"https:\/\/www.miquelmasmarti.com\/es\/wp-json\/wp\/v2\/comments?post=3609"}],"version-history":[{"count":3,"href":"https:\/\/www.miquelmasmarti.com\/es\/wp-json\/wp\/v2\/posts\/3609\/revisions"}],"predecessor-version":[{"id":3616,"href":"https:\/\/www.miquelmasmarti.com\/es\/wp-json\/wp\/v2\/posts\/3609\/revisions\/3616"}],"wp:attachment":[{"href":"https:\/\/www.miquelmasmarti.com\/es\/wp-json\/wp\/v2\/media?parent=3609"}],"wp:term":[{"taxonomy":"category","embeddable":true,"href":"https:\/\/www.miquelmasmarti.com\/es\/wp-json\/wp\/v2\/categories?post=3609"},{"taxonomy":"post_tag","embeddable":true,"href":"https:\/\/www.miquelmasmarti.com\/es\/wp-json\/wp\/v2\/tags?post=3609"}],"curies":[{"name":"wp","href":"https:\/\/api.w.org\/{rel}","templated":true}]}}