{"id":3238,"date":"2018-06-29T07:03:14","date_gmt":"2018-06-29T07:03:14","guid":{"rendered":"https:\/\/www.miquelmasmarti.com\/?p=3238"},"modified":"2018-07-10T11:30:46","modified_gmt":"2018-07-10T11:30:46","slug":"los-humanos-invaden-el-espai-lluis-ribas","status":"publish","type":"post","link":"https:\/\/www.miquelmasmarti.com\/es\/los-humanos-invaden-el-espai-lluis-ribas\/","title":{"rendered":"Los \u201cHumanos\u201d invaden el Espai Llu\u00eds Ribas"},"content":{"rendered":"<div class=\"row\">\n<div class=\"col-lg-3 small\">\n<h5><b>\u201cHumanos\u201d<\/b><\/h5>\n<p>\n<b>Espai Llu\u00eds Ribas, del 1 de febrero al 13 de marzo de 2011<\/b><br \/>\nGorina, 13<br \/>\n08180 Sant Cugat del Vall\u00e8s\n<\/div>\n<div class=\"col-lg-9\">\n<img loading=\"lazy\" decoding=\"async\" src=\"https:\/\/www.miquelmasmarti.com\/wp-content\/uploads\/2018\/05\/Expo-Humans-Llui\u0301s-Ribas.jpg\" alt=\"\" width=\"1600\" height=\"1200\" class=\"alignleft size-full wp-image-3452\" srcset=\"https:\/\/www.miquelmasmarti.com\/wp-content\/uploads\/2018\/05\/Expo-Humans-Llui\u0301s-Ribas.jpg 1600w, https:\/\/www.miquelmasmarti.com\/wp-content\/uploads\/2018\/05\/Expo-Humans-Llui\u0301s-Ribas-200x150.jpg 200w, https:\/\/www.miquelmasmarti.com\/wp-content\/uploads\/2018\/05\/Expo-Humans-Llui\u0301s-Ribas-300x225.jpg 300w, https:\/\/www.miquelmasmarti.com\/wp-content\/uploads\/2018\/05\/Expo-Humans-Llui\u0301s-Ribas-768x576.jpg 768w, https:\/\/www.miquelmasmarti.com\/wp-content\/uploads\/2018\/05\/Expo-Humans-Llui\u0301s-Ribas-1024x768.jpg 1024w, https:\/\/www.miquelmasmarti.com\/wp-content\/uploads\/2018\/05\/Expo-Humans-Llui\u0301s-Ribas-900x675.jpg 900w, https:\/\/www.miquelmasmarti.com\/wp-content\/uploads\/2018\/05\/Expo-Humans-Llui\u0301s-Ribas-320x240.jpg 320w\" sizes=\"auto, (max-width: 1600px) 100vw, 1600px\" \/><\/p>\n<p>Sant Cugat tuvo la oportunidad de ver estos dibujos, resultado de las vivencias en  sus viajes por el mundo, en los cuales la combinaci\u00f3n de l\u00edneas de diferentes intensidades dan una gran fuerza expresiva al trazo y crean un resultado que causa un gran impacto por su realismo. En la exposici\u00f3n, hombres y mujeres de todas las edades, de diferentes lugares del mundo y con expresiones muy variadas, interrogaban al espectador.<br \/>\nDurante la inauguraci\u00f3n, se sorte\u00f3 una litograf\u00eda entre los asistentes.<\/p>\n<\/div>\n<\/div>\n","protected":false},"excerpt":{"rendered":"<p>\u201cHumanos\u201d Espai Llu\u00eds Ribas, del 1 de febrero al 13 de marzo de 2011 Gorina, 13 08180 Sant Cugat del Vall\u00e8s Sant Cugat tuvo la &hellip;<\/p>\n","protected":false},"author":1,"featured_media":0,"comment_status":"closed","ping_status":"closed","sticky":false,"template":"","format":"standard","meta":{"footnotes":""},"categories":[150],"tags":[],"class_list":["post-3238","post","type-post","status-publish","format-standard","hentry","category-exposiciones"],"yoast_head":"<!-- This site is optimized with the Yoast SEO plugin v27.0 - https:\/\/yoast.com\/product\/yoast-seo-wordpress\/ -->\n<title>Los \u201cHumanos\u201d invaden el Espai Llu\u00eds Ribas - Miquel Mas<\/title>\n<meta name=\"robots\" content=\"index, follow, max-snippet:-1, max-image-preview:large, max-video-preview:-1\" \/>\n<link rel=\"canonical\" href=\"https:\/\/www.miquelmasmarti.com\/es\/los-humanos-invaden-el-espai-lluis-ribas\/\" \/>\n<meta property=\"og:locale\" content=\"es_ES\" \/>\n<meta property=\"og:type\" content=\"article\" \/>\n<meta property=\"og:title\" content=\"Los \u201cHumanos\u201d invaden el Espai Llu\u00eds Ribas - Miquel Mas\" \/>\n<meta property=\"og:description\" content=\"\u201cHumanos\u201d Espai Llu\u00eds Ribas, del 1 de febrero al 13 de marzo de 2011 Gorina, 13 08180 Sant Cugat del Vall\u00e8s Sant Cugat tuvo la &hellip;\" \/>\n<meta property=\"og:url\" content=\"https:\/\/www.miquelmasmarti.com\/es\/los-humanos-invaden-el-espai-lluis-ribas\/\" \/>\n<meta property=\"og:site_name\" content=\"Miquel Mas\" \/>\n<meta property=\"article:published_time\" content=\"2018-06-29T07:03:14+00:00\" \/>\n<meta property=\"article:modified_time\" content=\"2018-07-10T11:30:46+00:00\" \/>\n<meta name=\"author\" content=\"Miquel Mas\" \/>\n<meta name=\"twitter:card\" content=\"summary_large_image\" \/>\n<meta name=\"twitter:label1\" content=\"Escrito por\" \/>\n\t<meta name=\"twitter:data1\" content=\"Miquel Mas\" \/>\n\t<meta name=\"twitter:label2\" content=\"Tiempo de lectura\" \/>\n\t<meta name=\"twitter:data2\" content=\"1 minuto\" \/>\n<script type=\"application\/ld+json\" class=\"yoast-schema-graph\">{\"@context\":\"https:\/\/schema.org\",\"@graph\":[{\"@type\":\"Article\",\"@id\":\"https:\/\/www.miquelmasmarti.com\/es\/los-humanos-invaden-el-espai-lluis-ribas\/#article\",\"isPartOf\":{\"@id\":\"https:\/\/www.miquelmasmarti.com\/es\/los-humanos-invaden-el-espai-lluis-ribas\/\"},\"author\":{\"name\":\"Miquel Mas\",\"@id\":\"https:\/\/www.miquelmasmarti.com\/es\/#\/schema\/person\/824325b758cc1f0b5d625c513ead1653\"},\"headline\":\"Los \u201cHumanos\u201d invaden el Espai Llu\u00eds Ribas\",\"datePublished\":\"2018-06-29T07:03:14+00:00\",\"dateModified\":\"2018-07-10T11:30:46+00:00\",\"mainEntityOfPage\":{\"@id\":\"https:\/\/www.miquelmasmarti.com\/es\/los-humanos-invaden-el-espai-lluis-ribas\/\"},\"wordCount\":112,\"articleSection\":[\"Exposiciones\"],\"inLanguage\":\"es\"},{\"@type\":\"WebPage\",\"@id\":\"https:\/\/www.miquelmasmarti.com\/es\/los-humanos-invaden-el-espai-lluis-ribas\/\",\"url\":\"https:\/\/www.miquelmasmarti.com\/es\/los-humanos-invaden-el-espai-lluis-ribas\/\",\"name\":\"Los \u201cHumanos\u201d invaden el Espai Llu\u00eds Ribas - Miquel Mas\",\"isPartOf\":{\"@id\":\"https:\/\/www.miquelmasmarti.com\/es\/#website\"},\"datePublished\":\"2018-06-29T07:03:14+00:00\",\"dateModified\":\"2018-07-10T11:30:46+00:00\",\"author\":{\"@id\":\"https:\/\/www.miquelmasmarti.com\/es\/#\/schema\/person\/824325b758cc1f0b5d625c513ead1653\"},\"breadcrumb\":{\"@id\":\"https:\/\/www.miquelmasmarti.com\/es\/los-humanos-invaden-el-espai-lluis-ribas\/#breadcrumb\"},\"inLanguage\":\"es\",\"potentialAction\":[{\"@type\":\"ReadAction\",\"target\":[\"https:\/\/www.miquelmasmarti.com\/es\/los-humanos-invaden-el-espai-lluis-ribas\/\"]}]},{\"@type\":\"BreadcrumbList\",\"@id\":\"https:\/\/www.miquelmasmarti.com\/es\/los-humanos-invaden-el-espai-lluis-ribas\/#breadcrumb\",\"itemListElement\":[{\"@type\":\"ListItem\",\"position\":1,\"name\":\"Portada\",\"item\":\"https:\/\/www.miquelmasmarti.com\/es\/\"},{\"@type\":\"ListItem\",\"position\":2,\"name\":\"Los \u201cHumanos\u201d invaden el Espai Llu\u00eds Ribas\"}]},{\"@type\":\"WebSite\",\"@id\":\"https:\/\/www.miquelmasmarti.com\/es\/#website\",\"url\":\"https:\/\/www.miquelmasmarti.com\/es\/\",\"name\":\"Miquel Mas\",\"description\":\"Otro sitio realizado con WordPress\",\"potentialAction\":[{\"@type\":\"SearchAction\",\"target\":{\"@type\":\"EntryPoint\",\"urlTemplate\":\"https:\/\/www.miquelmasmarti.com\/es\/?s={search_term_string}\"},\"query-input\":{\"@type\":\"PropertyValueSpecification\",\"valueRequired\":true,\"valueName\":\"search_term_string\"}}],\"inLanguage\":\"es\"},{\"@type\":\"Person\",\"@id\":\"https:\/\/www.miquelmasmarti.com\/es\/#\/schema\/person\/824325b758cc1f0b5d625c513ead1653\",\"name\":\"Miquel Mas\",\"image\":{\"@type\":\"ImageObject\",\"inLanguage\":\"es\",\"@id\":\"https:\/\/www.miquelmasmarti.com\/es\/#\/schema\/person\/image\/\",\"url\":\"https:\/\/secure.gravatar.com\/avatar\/69c5cd63523a278070b356e2bb79964e5a35e48cea702e978434438cb0ce5401?s=96&d=mm&r=g\",\"contentUrl\":\"https:\/\/secure.gravatar.com\/avatar\/69c5cd63523a278070b356e2bb79964e5a35e48cea702e978434438cb0ce5401?s=96&d=mm&r=g\",\"caption\":\"Miquel Mas\"},\"sameAs\":[\"https:\/\/www.miquelmasmarti.com\"],\"url\":\"https:\/\/www.miquelmasmarti.com\/es\/author\/mmasmarti\/\"}]}<\/script>\n<!-- \/ Yoast SEO plugin. -->","yoast_head_json":{"title":"Los \u201cHumanos\u201d invaden el Espai Llu\u00eds Ribas - Miquel Mas","robots":{"index":"index","follow":"follow","max-snippet":"max-snippet:-1","max-image-preview":"max-image-preview:large","max-video-preview":"max-video-preview:-1"},"canonical":"https:\/\/www.miquelmasmarti.com\/es\/los-humanos-invaden-el-espai-lluis-ribas\/","og_locale":"es_ES","og_type":"article","og_title":"Los \u201cHumanos\u201d invaden el Espai Llu\u00eds Ribas - Miquel Mas","og_description":"\u201cHumanos\u201d Espai Llu\u00eds Ribas, del 1 de febrero al 13 de marzo de 2011 Gorina, 13 08180 Sant Cugat del Vall\u00e8s Sant Cugat tuvo la &hellip;","og_url":"https:\/\/www.miquelmasmarti.com\/es\/los-humanos-invaden-el-espai-lluis-ribas\/","og_site_name":"Miquel Mas","article_published_time":"2018-06-29T07:03:14+00:00","article_modified_time":"2018-07-10T11:30:46+00:00","author":"Miquel Mas","twitter_card":"summary_large_image","twitter_misc":{"Escrito por":"Miquel Mas","Tiempo de lectura":"1 minuto"},"schema":{"@context":"https:\/\/schema.org","@graph":[{"@type":"Article","@id":"https:\/\/www.miquelmasmarti.com\/es\/los-humanos-invaden-el-espai-lluis-ribas\/#article","isPartOf":{"@id":"https:\/\/www.miquelmasmarti.com\/es\/los-humanos-invaden-el-espai-lluis-ribas\/"},"author":{"name":"Miquel Mas","@id":"https:\/\/www.miquelmasmarti.com\/es\/#\/schema\/person\/824325b758cc1f0b5d625c513ead1653"},"headline":"Los \u201cHumanos\u201d invaden el Espai Llu\u00eds Ribas","datePublished":"2018-06-29T07:03:14+00:00","dateModified":"2018-07-10T11:30:46+00:00","mainEntityOfPage":{"@id":"https:\/\/www.miquelmasmarti.com\/es\/los-humanos-invaden-el-espai-lluis-ribas\/"},"wordCount":112,"articleSection":["Exposiciones"],"inLanguage":"es"},{"@type":"WebPage","@id":"https:\/\/www.miquelmasmarti.com\/es\/los-humanos-invaden-el-espai-lluis-ribas\/","url":"https:\/\/www.miquelmasmarti.com\/es\/los-humanos-invaden-el-espai-lluis-ribas\/","name":"Los \u201cHumanos\u201d invaden el Espai Llu\u00eds Ribas - Miquel Mas","isPartOf":{"@id":"https:\/\/www.miquelmasmarti.com\/es\/#website"},"datePublished":"2018-06-29T07:03:14+00:00","dateModified":"2018-07-10T11:30:46+00:00","author":{"@id":"https:\/\/www.miquelmasmarti.com\/es\/#\/schema\/person\/824325b758cc1f0b5d625c513ead1653"},"breadcrumb":{"@id":"https:\/\/www.miquelmasmarti.com\/es\/los-humanos-invaden-el-espai-lluis-ribas\/#breadcrumb"},"inLanguage":"es","potentialAction":[{"@type":"ReadAction","target":["https:\/\/www.miquelmasmarti.com\/es\/los-humanos-invaden-el-espai-lluis-ribas\/"]}]},{"@type":"BreadcrumbList","@id":"https:\/\/www.miquelmasmarti.com\/es\/los-humanos-invaden-el-espai-lluis-ribas\/#breadcrumb","itemListElement":[{"@type":"ListItem","position":1,"name":"Portada","item":"https:\/\/www.miquelmasmarti.com\/es\/"},{"@type":"ListItem","position":2,"name":"Los \u201cHumanos\u201d invaden el Espai Llu\u00eds Ribas"}]},{"@type":"WebSite","@id":"https:\/\/www.miquelmasmarti.com\/es\/#website","url":"https:\/\/www.miquelmasmarti.com\/es\/","name":"Miquel Mas","description":"Otro sitio realizado con WordPress","potentialAction":[{"@type":"SearchAction","target":{"@type":"EntryPoint","urlTemplate":"https:\/\/www.miquelmasmarti.com\/es\/?s={search_term_string}"},"query-input":{"@type":"PropertyValueSpecification","valueRequired":true,"valueName":"search_term_string"}}],"inLanguage":"es"},{"@type":"Person","@id":"https:\/\/www.miquelmasmarti.com\/es\/#\/schema\/person\/824325b758cc1f0b5d625c513ead1653","name":"Miquel Mas","image":{"@type":"ImageObject","inLanguage":"es","@id":"https:\/\/www.miquelmasmarti.com\/es\/#\/schema\/person\/image\/","url":"https:\/\/secure.gravatar.com\/avatar\/69c5cd63523a278070b356e2bb79964e5a35e48cea702e978434438cb0ce5401?s=96&d=mm&r=g","contentUrl":"https:\/\/secure.gravatar.com\/avatar\/69c5cd63523a278070b356e2bb79964e5a35e48cea702e978434438cb0ce5401?s=96&d=mm&r=g","caption":"Miquel Mas"},"sameAs":["https:\/\/www.miquelmasmarti.com"],"url":"https:\/\/www.miquelmasmarti.com\/es\/author\/mmasmarti\/"}]}},"_links":{"self":[{"href":"https:\/\/www.miquelmasmarti.com\/es\/wp-json\/wp\/v2\/posts\/3238","targetHints":{"allow":["GET"]}}],"collection":[{"href":"https:\/\/www.miquelmasmarti.com\/es\/wp-json\/wp\/v2\/posts"}],"about":[{"href":"https:\/\/www.miquelmasmarti.com\/es\/wp-json\/wp\/v2\/types\/post"}],"author":[{"embeddable":true,"href":"https:\/\/www.miquelmasmarti.com\/es\/wp-json\/wp\/v2\/users\/1"}],"replies":[{"embeddable":true,"href":"https:\/\/www.miquelmasmarti.com\/es\/wp-json\/wp\/v2\/comments?post=3238"}],"version-history":[{"count":4,"href":"https:\/\/www.miquelmasmarti.com\/es\/wp-json\/wp\/v2\/posts\/3238\/revisions"}],"predecessor-version":[{"id":3461,"href":"https:\/\/www.miquelmasmarti.com\/es\/wp-json\/wp\/v2\/posts\/3238\/revisions\/3461"}],"wp:attachment":[{"href":"https:\/\/www.miquelmasmarti.com\/es\/wp-json\/wp\/v2\/media?parent=3238"}],"wp:term":[{"taxonomy":"category","embeddable":true,"href":"https:\/\/www.miquelmasmarti.com\/es\/wp-json\/wp\/v2\/categories?post=3238"},{"taxonomy":"post_tag","embeddable":true,"href":"https:\/\/www.miquelmasmarti.com\/es\/wp-json\/wp\/v2\/tags?post=3238"}],"curies":[{"name":"wp","href":"https:\/\/api.w.org\/{rel}","templated":true}]}}