{"id":2837,"date":"2018-05-29T16:06:18","date_gmt":"2018-05-29T16:06:18","guid":{"rendered":"https:\/\/www.miquelmasmarti.com\/?p=2837"},"modified":"2018-06-28T08:13:58","modified_gmt":"2018-06-28T08:13:58","slug":"lo-importante-es-encontrar-el-canal-expresivo","status":"publish","type":"post","link":"https:\/\/www.miquelmasmarti.com\/es\/lo-importante-es-encontrar-el-canal-expresivo\/","title":{"rendered":"Lo importante es encontrar el canal expresivo"},"content":{"rendered":"<div class=\"row\">\n<div class=\"col-lg-3 small\">\n<h5><b>\u201cDe la figuraci\u00f3n a la abstracci\u00f3n\u201d<\/b><\/h5>\n<p>\n<b>edRa, Escuela de Arte y Dise\u00f1o, del 3 al 22 de diciembre de 2015<\/b><br \/>\nJoaquim Blume, 28<br \/>\n08191 Rub\u00ed<br \/>\nDe lunes a viernes<br \/>\nde 10 a 21 h<\/p>\n<\/div>\n<div class=\"col-lg-9\">\n<img decoding=\"async\" src=\"https:\/\/www.miquelmasmarti.com\/wp-content\/uploads\/2018\/05\/ExpoDe-la-fig.-a-labstrac.2015.jpg\" class=\"wp-image-2632\" style=\"width:100%;\"\/><\/p>\n<p>Miquel Mas es un artista inquieto. Durante su trayectoria, de m\u00e1s de cincuenta a\u00f1os, ha investigado y desarrollado diferentes maneras de expresarse pl\u00e1sticamente. En la exposici\u00f3n se pudo ver una muestra de este recorrido, en el cual su habilidad le permiti\u00f3 hacer un discurso coherente desde el lenguaje hiperrealista, pasando por diferentes \u201cismos\u201d, hasta la abstracci\u00f3n.<\/p>\n<div class=\"row\">\n<div class=\"col-lg-5\">\n<img decoding=\"async\" src=\"https:\/\/www.miquelmasmarti.com\/wp-content\/uploads\/2018\/05\/ExpoDe-la-fig.-a-labstrac.12015-293x300.jpg\" class=\"alignnone size-full wp-image-2645\" \/>\n<\/div>\n<div class=\"col-lg-7\">\n<p>El espectador disfrut\u00f3 con la observaci\u00f3n de obras perfectamente identificables, a veces llevadas al realismo m\u00e1s extremo, pero tambi\u00e9n necesit\u00f3 interactuar con otras para conseguir conectar.<\/p>\n<p>\nEs indiferente si encontramos abstracci\u00f3n o figuraci\u00f3n en una obra, es solo una an\u00e9cdota, porqu\u00e9 lo m\u00e1s importante es encontrar el canal expresivo.<\/p>\n<\/div>\n<\/div>\n","protected":false},"excerpt":{"rendered":"<p>Miquel Mas es un artista inquieto. Durante su trayectoria, de m\u00e1s de cincuenta a\u00f1os, ha investigado y desarrollado diferentes maneras de expresarse&#8230;<\/p>\n","protected":false},"author":1,"featured_media":0,"comment_status":"closed","ping_status":"closed","sticky":false,"template":"","format":"standard","meta":{"footnotes":""},"categories":[150],"tags":[],"class_list":["post-2837","post","type-post","status-publish","format-standard","hentry","category-exposiciones"],"yoast_head":"<!-- This site is optimized with the Yoast SEO plugin v27.0 - https:\/\/yoast.com\/product\/yoast-seo-wordpress\/ -->\n<title>Lo importante es encontrar el canal expresivo - Miquel Mas<\/title>\n<meta name=\"robots\" content=\"index, follow, max-snippet:-1, max-image-preview:large, max-video-preview:-1\" \/>\n<link rel=\"canonical\" href=\"https:\/\/www.miquelmasmarti.com\/es\/lo-importante-es-encontrar-el-canal-expresivo\/\" \/>\n<meta property=\"og:locale\" content=\"es_ES\" \/>\n<meta property=\"og:type\" content=\"article\" \/>\n<meta property=\"og:title\" content=\"Lo importante es encontrar el canal expresivo - Miquel Mas\" \/>\n<meta property=\"og:description\" content=\"Miquel Mas es un artista inquieto. Durante su trayectoria, de m\u00e1s de cincuenta a\u00f1os, ha investigado y desarrollado diferentes maneras de expresarse...\" \/>\n<meta property=\"og:url\" content=\"https:\/\/www.miquelmasmarti.com\/es\/lo-importante-es-encontrar-el-canal-expresivo\/\" \/>\n<meta property=\"og:site_name\" content=\"Miquel Mas\" \/>\n<meta property=\"article:published_time\" content=\"2018-05-29T16:06:18+00:00\" \/>\n<meta property=\"article:modified_time\" content=\"2018-06-28T08:13:58+00:00\" \/>\n<meta property=\"og:image\" content=\"https:\/\/www.miquelmasmarti.com\/wp-content\/uploads\/2018\/05\/ExpoDe-la-fig.-a-labstrac.2015.jpg\" \/>\n<meta name=\"author\" content=\"Miquel Mas\" \/>\n<meta name=\"twitter:card\" content=\"summary_large_image\" \/>\n<meta name=\"twitter:label1\" content=\"Escrito por\" \/>\n\t<meta name=\"twitter:data1\" content=\"Miquel Mas\" \/>\n\t<meta name=\"twitter:label2\" content=\"Tiempo de lectura\" \/>\n\t<meta name=\"twitter:data2\" content=\"1 minuto\" \/>\n<script type=\"application\/ld+json\" class=\"yoast-schema-graph\">{\"@context\":\"https:\/\/schema.org\",\"@graph\":[{\"@type\":\"Article\",\"@id\":\"https:\/\/www.miquelmasmarti.com\/es\/lo-importante-es-encontrar-el-canal-expresivo\/#article\",\"isPartOf\":{\"@id\":\"https:\/\/www.miquelmasmarti.com\/es\/lo-importante-es-encontrar-el-canal-expresivo\/\"},\"author\":{\"name\":\"Miquel Mas\",\"@id\":\"https:\/\/www.miquelmasmarti.com\/es\/#\/schema\/person\/824325b758cc1f0b5d625c513ead1653\"},\"headline\":\"Lo importante es encontrar el canal expresivo\",\"datePublished\":\"2018-05-29T16:06:18+00:00\",\"dateModified\":\"2018-06-28T08:13:58+00:00\",\"mainEntityOfPage\":{\"@id\":\"https:\/\/www.miquelmasmarti.com\/es\/lo-importante-es-encontrar-el-canal-expresivo\/\"},\"wordCount\":154,\"image\":{\"@id\":\"https:\/\/www.miquelmasmarti.com\/es\/lo-importante-es-encontrar-el-canal-expresivo\/#primaryimage\"},\"thumbnailUrl\":\"https:\/\/www.miquelmasmarti.com\/wp-content\/uploads\/2018\/05\/ExpoDe-la-fig.-a-labstrac.2015.jpg\",\"articleSection\":[\"Exposiciones\"],\"inLanguage\":\"es\"},{\"@type\":\"WebPage\",\"@id\":\"https:\/\/www.miquelmasmarti.com\/es\/lo-importante-es-encontrar-el-canal-expresivo\/\",\"url\":\"https:\/\/www.miquelmasmarti.com\/es\/lo-importante-es-encontrar-el-canal-expresivo\/\",\"name\":\"Lo importante es encontrar el canal expresivo - Miquel Mas\",\"isPartOf\":{\"@id\":\"https:\/\/www.miquelmasmarti.com\/es\/#website\"},\"primaryImageOfPage\":{\"@id\":\"https:\/\/www.miquelmasmarti.com\/es\/lo-importante-es-encontrar-el-canal-expresivo\/#primaryimage\"},\"image\":{\"@id\":\"https:\/\/www.miquelmasmarti.com\/es\/lo-importante-es-encontrar-el-canal-expresivo\/#primaryimage\"},\"thumbnailUrl\":\"https:\/\/www.miquelmasmarti.com\/wp-content\/uploads\/2018\/05\/ExpoDe-la-fig.-a-labstrac.2015.jpg\",\"datePublished\":\"2018-05-29T16:06:18+00:00\",\"dateModified\":\"2018-06-28T08:13:58+00:00\",\"author\":{\"@id\":\"https:\/\/www.miquelmasmarti.com\/es\/#\/schema\/person\/824325b758cc1f0b5d625c513ead1653\"},\"breadcrumb\":{\"@id\":\"https:\/\/www.miquelmasmarti.com\/es\/lo-importante-es-encontrar-el-canal-expresivo\/#breadcrumb\"},\"inLanguage\":\"es\",\"potentialAction\":[{\"@type\":\"ReadAction\",\"target\":[\"https:\/\/www.miquelmasmarti.com\/es\/lo-importante-es-encontrar-el-canal-expresivo\/\"]}]},{\"@type\":\"ImageObject\",\"inLanguage\":\"es\",\"@id\":\"https:\/\/www.miquelmasmarti.com\/es\/lo-importante-es-encontrar-el-canal-expresivo\/#primaryimage\",\"url\":\"https:\/\/www.miquelmasmarti.com\/wp-content\/uploads\/2018\/05\/ExpoDe-la-fig.-a-labstrac.2015.jpg\",\"contentUrl\":\"https:\/\/www.miquelmasmarti.com\/wp-content\/uploads\/2018\/05\/ExpoDe-la-fig.-a-labstrac.2015.jpg\"},{\"@type\":\"BreadcrumbList\",\"@id\":\"https:\/\/www.miquelmasmarti.com\/es\/lo-importante-es-encontrar-el-canal-expresivo\/#breadcrumb\",\"itemListElement\":[{\"@type\":\"ListItem\",\"position\":1,\"name\":\"Portada\",\"item\":\"https:\/\/www.miquelmasmarti.com\/es\/\"},{\"@type\":\"ListItem\",\"position\":2,\"name\":\"Lo importante es encontrar el canal expresivo\"}]},{\"@type\":\"WebSite\",\"@id\":\"https:\/\/www.miquelmasmarti.com\/es\/#website\",\"url\":\"https:\/\/www.miquelmasmarti.com\/es\/\",\"name\":\"Miquel Mas\",\"description\":\"Otro sitio realizado con WordPress\",\"potentialAction\":[{\"@type\":\"SearchAction\",\"target\":{\"@type\":\"EntryPoint\",\"urlTemplate\":\"https:\/\/www.miquelmasmarti.com\/es\/?s={search_term_string}\"},\"query-input\":{\"@type\":\"PropertyValueSpecification\",\"valueRequired\":true,\"valueName\":\"search_term_string\"}}],\"inLanguage\":\"es\"},{\"@type\":\"Person\",\"@id\":\"https:\/\/www.miquelmasmarti.com\/es\/#\/schema\/person\/824325b758cc1f0b5d625c513ead1653\",\"name\":\"Miquel Mas\",\"image\":{\"@type\":\"ImageObject\",\"inLanguage\":\"es\",\"@id\":\"https:\/\/www.miquelmasmarti.com\/es\/#\/schema\/person\/image\/\",\"url\":\"https:\/\/secure.gravatar.com\/avatar\/69c5cd63523a278070b356e2bb79964e5a35e48cea702e978434438cb0ce5401?s=96&d=mm&r=g\",\"contentUrl\":\"https:\/\/secure.gravatar.com\/avatar\/69c5cd63523a278070b356e2bb79964e5a35e48cea702e978434438cb0ce5401?s=96&d=mm&r=g\",\"caption\":\"Miquel Mas\"},\"sameAs\":[\"https:\/\/www.miquelmasmarti.com\"],\"url\":\"https:\/\/www.miquelmasmarti.com\/es\/author\/mmasmarti\/\"}]}<\/script>\n<!-- \/ Yoast SEO plugin. -->","yoast_head_json":{"title":"Lo importante es encontrar el canal expresivo - Miquel Mas","robots":{"index":"index","follow":"follow","max-snippet":"max-snippet:-1","max-image-preview":"max-image-preview:large","max-video-preview":"max-video-preview:-1"},"canonical":"https:\/\/www.miquelmasmarti.com\/es\/lo-importante-es-encontrar-el-canal-expresivo\/","og_locale":"es_ES","og_type":"article","og_title":"Lo importante es encontrar el canal expresivo - Miquel Mas","og_description":"Miquel Mas es un artista inquieto. Durante su trayectoria, de m\u00e1s de cincuenta a\u00f1os, ha investigado y desarrollado diferentes maneras de expresarse...","og_url":"https:\/\/www.miquelmasmarti.com\/es\/lo-importante-es-encontrar-el-canal-expresivo\/","og_site_name":"Miquel Mas","article_published_time":"2018-05-29T16:06:18+00:00","article_modified_time":"2018-06-28T08:13:58+00:00","og_image":[{"url":"https:\/\/www.miquelmasmarti.com\/wp-content\/uploads\/2018\/05\/ExpoDe-la-fig.-a-labstrac.2015.jpg","type":"","width":"","height":""}],"author":"Miquel Mas","twitter_card":"summary_large_image","twitter_misc":{"Escrito por":"Miquel Mas","Tiempo de lectura":"1 minuto"},"schema":{"@context":"https:\/\/schema.org","@graph":[{"@type":"Article","@id":"https:\/\/www.miquelmasmarti.com\/es\/lo-importante-es-encontrar-el-canal-expresivo\/#article","isPartOf":{"@id":"https:\/\/www.miquelmasmarti.com\/es\/lo-importante-es-encontrar-el-canal-expresivo\/"},"author":{"name":"Miquel Mas","@id":"https:\/\/www.miquelmasmarti.com\/es\/#\/schema\/person\/824325b758cc1f0b5d625c513ead1653"},"headline":"Lo importante es encontrar el canal expresivo","datePublished":"2018-05-29T16:06:18+00:00","dateModified":"2018-06-28T08:13:58+00:00","mainEntityOfPage":{"@id":"https:\/\/www.miquelmasmarti.com\/es\/lo-importante-es-encontrar-el-canal-expresivo\/"},"wordCount":154,"image":{"@id":"https:\/\/www.miquelmasmarti.com\/es\/lo-importante-es-encontrar-el-canal-expresivo\/#primaryimage"},"thumbnailUrl":"https:\/\/www.miquelmasmarti.com\/wp-content\/uploads\/2018\/05\/ExpoDe-la-fig.-a-labstrac.2015.jpg","articleSection":["Exposiciones"],"inLanguage":"es"},{"@type":"WebPage","@id":"https:\/\/www.miquelmasmarti.com\/es\/lo-importante-es-encontrar-el-canal-expresivo\/","url":"https:\/\/www.miquelmasmarti.com\/es\/lo-importante-es-encontrar-el-canal-expresivo\/","name":"Lo importante es encontrar el canal expresivo - Miquel Mas","isPartOf":{"@id":"https:\/\/www.miquelmasmarti.com\/es\/#website"},"primaryImageOfPage":{"@id":"https:\/\/www.miquelmasmarti.com\/es\/lo-importante-es-encontrar-el-canal-expresivo\/#primaryimage"},"image":{"@id":"https:\/\/www.miquelmasmarti.com\/es\/lo-importante-es-encontrar-el-canal-expresivo\/#primaryimage"},"thumbnailUrl":"https:\/\/www.miquelmasmarti.com\/wp-content\/uploads\/2018\/05\/ExpoDe-la-fig.-a-labstrac.2015.jpg","datePublished":"2018-05-29T16:06:18+00:00","dateModified":"2018-06-28T08:13:58+00:00","author":{"@id":"https:\/\/www.miquelmasmarti.com\/es\/#\/schema\/person\/824325b758cc1f0b5d625c513ead1653"},"breadcrumb":{"@id":"https:\/\/www.miquelmasmarti.com\/es\/lo-importante-es-encontrar-el-canal-expresivo\/#breadcrumb"},"inLanguage":"es","potentialAction":[{"@type":"ReadAction","target":["https:\/\/www.miquelmasmarti.com\/es\/lo-importante-es-encontrar-el-canal-expresivo\/"]}]},{"@type":"ImageObject","inLanguage":"es","@id":"https:\/\/www.miquelmasmarti.com\/es\/lo-importante-es-encontrar-el-canal-expresivo\/#primaryimage","url":"https:\/\/www.miquelmasmarti.com\/wp-content\/uploads\/2018\/05\/ExpoDe-la-fig.-a-labstrac.2015.jpg","contentUrl":"https:\/\/www.miquelmasmarti.com\/wp-content\/uploads\/2018\/05\/ExpoDe-la-fig.-a-labstrac.2015.jpg"},{"@type":"BreadcrumbList","@id":"https:\/\/www.miquelmasmarti.com\/es\/lo-importante-es-encontrar-el-canal-expresivo\/#breadcrumb","itemListElement":[{"@type":"ListItem","position":1,"name":"Portada","item":"https:\/\/www.miquelmasmarti.com\/es\/"},{"@type":"ListItem","position":2,"name":"Lo importante es encontrar el canal expresivo"}]},{"@type":"WebSite","@id":"https:\/\/www.miquelmasmarti.com\/es\/#website","url":"https:\/\/www.miquelmasmarti.com\/es\/","name":"Miquel Mas","description":"Otro sitio realizado con WordPress","potentialAction":[{"@type":"SearchAction","target":{"@type":"EntryPoint","urlTemplate":"https:\/\/www.miquelmasmarti.com\/es\/?s={search_term_string}"},"query-input":{"@type":"PropertyValueSpecification","valueRequired":true,"valueName":"search_term_string"}}],"inLanguage":"es"},{"@type":"Person","@id":"https:\/\/www.miquelmasmarti.com\/es\/#\/schema\/person\/824325b758cc1f0b5d625c513ead1653","name":"Miquel Mas","image":{"@type":"ImageObject","inLanguage":"es","@id":"https:\/\/www.miquelmasmarti.com\/es\/#\/schema\/person\/image\/","url":"https:\/\/secure.gravatar.com\/avatar\/69c5cd63523a278070b356e2bb79964e5a35e48cea702e978434438cb0ce5401?s=96&d=mm&r=g","contentUrl":"https:\/\/secure.gravatar.com\/avatar\/69c5cd63523a278070b356e2bb79964e5a35e48cea702e978434438cb0ce5401?s=96&d=mm&r=g","caption":"Miquel Mas"},"sameAs":["https:\/\/www.miquelmasmarti.com"],"url":"https:\/\/www.miquelmasmarti.com\/es\/author\/mmasmarti\/"}]}},"_links":{"self":[{"href":"https:\/\/www.miquelmasmarti.com\/es\/wp-json\/wp\/v2\/posts\/2837","targetHints":{"allow":["GET"]}}],"collection":[{"href":"https:\/\/www.miquelmasmarti.com\/es\/wp-json\/wp\/v2\/posts"}],"about":[{"href":"https:\/\/www.miquelmasmarti.com\/es\/wp-json\/wp\/v2\/types\/post"}],"author":[{"embeddable":true,"href":"https:\/\/www.miquelmasmarti.com\/es\/wp-json\/wp\/v2\/users\/1"}],"replies":[{"embeddable":true,"href":"https:\/\/www.miquelmasmarti.com\/es\/wp-json\/wp\/v2\/comments?post=2837"}],"version-history":[{"count":4,"href":"https:\/\/www.miquelmasmarti.com\/es\/wp-json\/wp\/v2\/posts\/2837\/revisions"}],"predecessor-version":[{"id":3159,"href":"https:\/\/www.miquelmasmarti.com\/es\/wp-json\/wp\/v2\/posts\/2837\/revisions\/3159"}],"wp:attachment":[{"href":"https:\/\/www.miquelmasmarti.com\/es\/wp-json\/wp\/v2\/media?parent=2837"}],"wp:term":[{"taxonomy":"category","embeddable":true,"href":"https:\/\/www.miquelmasmarti.com\/es\/wp-json\/wp\/v2\/categories?post=2837"},{"taxonomy":"post_tag","embeddable":true,"href":"https:\/\/www.miquelmasmarti.com\/es\/wp-json\/wp\/v2\/tags?post=2837"}],"curies":[{"name":"wp","href":"https:\/\/api.w.org\/{rel}","templated":true}]}}